{"id":1076,"date":"2026-01-22T08:06:51","date_gmt":"2026-01-22T08:06:51","guid":{"rendered":"https:\/\/foreldreplanlegger.no\/?p=1076"},"modified":"2026-01-22T08:25:35","modified_gmt":"2026-01-22T08:25:35","slug":"takk-for-tilliten","status":"publish","type":"post","link":"https:\/\/foreldreplanlegger.no\/index.php\/2026\/01\/22\/takk-for-tilliten\/","title":{"rendered":"Takk for tilliten"},"content":{"rendered":"\n<p>Vi er oppriktig takknemlige for hver eneste familie, fagperson og samarbeidspartner som velger Time4Kids. Appen vokser fordi foreldre anbefaler den videre \u2013 og fordi fagfolk ser verdien av et verkt\u00f8y som forebygger konflikter og styrker samarbeidet rundt barna.<\/p>\n\n\n\n<p>V\u00e5r ambisjon er \u00e5 utvikle Time4Kids videre i tett samarbeid med fagmilj\u00f8er innen psykologi, mekling, jus og barnevern \u2013 alltid med barnas beste som f\u00f8rste prioritet.<\/p>\n","protected":false},"excerpt":{"rendered":"<p>Vi er oppriktig takknemlige for hver eneste familie, fagperson og samarbeidspartner som velger Time4Kids. Appen vokser fordi foreldre anbefaler den videre \u2013 og fordi fagfolk ser verdien av et verkt\u00f8y som forebygger konflikter og styrker samarbeidet rundt barna. V\u00e5r ambisjon er \u00e5 utvikle Time4Kids videre i tett samarbeid med fagmilj\u00f8er innen psykologi, mekling, jus og [&hellip;]<\/p>\n","protected":false},"author":3,"featured_media":405,"comment_status":"open","ping_status":"open","sticky":false,"template":"","format":"standard","meta":{"_et_pb_use_builder":"off","_et_pb_old_content":"","_et_gb_content_width":"","footnotes":""},"categories":[14],"tags":[],"class_list":["post-1076","post","type-post","status-publish","format-standard","has-post-thumbnail","hentry","category-foreldresamarbeid"],"yoast_head":"<!-- This site is optimized with the Yoast SEO plugin v25.0 - https:\/\/yoast.com\/wordpress\/plugins\/seo\/ -->\n<title>Takk for tilliten - Foreldreplanlegger<\/title>\n<meta name=\"description\" content=\"Takk for tillitenVi er oppriktig takknemlige for hver eneste familie, fagperson og samarbeidspartner som velger Time4Kids. Appen vokser fordi foreldre anbefaler den videre \u2013 og fordi fagfolk ser verdien av et verkt\u00f8y som forebygger konflikter og styrker samarbeidet rundt barna.V\u00e5r ambisjon er \u00e5 utvikle Time4Kids videre i tett samarbeid med fagmilj\u00f8er innen psykologi, mekling, jus og barnevern \u2013 alltid med barnas beste som f\u00f8rste prioritet.\" \/>\n<meta name=\"robots\" content=\"index, follow, max-snippet:-1, max-image-preview:large, max-video-preview:-1\" \/>\n<link rel=\"canonical\" href=\"https:\/\/foreldreplanlegger.no\/index.php\/2026\/01\/22\/takk-for-tilliten\/\" \/>\n<meta property=\"og:locale\" content=\"en_US\" \/>\n<meta property=\"og:type\" content=\"article\" \/>\n<meta property=\"og:title\" content=\"Takk for tilliten - Foreldreplanlegger\" \/>\n<meta property=\"og:description\" content=\"Takk for tillitenVi er oppriktig takknemlige for hver eneste familie, fagperson og samarbeidspartner som velger Time4Kids. Appen vokser fordi foreldre anbefaler den videre \u2013 og fordi fagfolk ser verdien av et verkt\u00f8y som forebygger konflikter og styrker samarbeidet rundt barna.V\u00e5r ambisjon er \u00e5 utvikle Time4Kids videre i tett samarbeid med fagmilj\u00f8er innen psykologi, mekling, jus og barnevern \u2013 alltid med barnas beste som f\u00f8rste prioritet.\" \/>\n<meta property=\"og:url\" content=\"https:\/\/foreldreplanlegger.no\/index.php\/2026\/01\/22\/takk-for-tilliten\/\" \/>\n<meta property=\"og:site_name\" content=\"Foreldreplanlegger\" \/>\n<meta property=\"article:publisher\" content=\"https:\/\/www.facebook.com\/profile.php?id=100081167092688\" \/>\n<meta property=\"article:published_time\" content=\"2026-01-22T08:06:51+00:00\" \/>\n<meta property=\"article:modified_time\" content=\"2026-01-22T08:25:35+00:00\" \/>\n<meta property=\"og:image\" content=\"https:\/\/foreldreplanlegger.no\/wp-content\/uploads\/2024\/11\/Barn-som-forsoker-a-holde-mor-og-far-sammen.jpg\" \/>\n\t<meta property=\"og:image:width\" content=\"724\" \/>\n\t<meta property=\"og:image:height\" content=\"483\" \/>\n\t<meta property=\"og:image:type\" content=\"image\/jpeg\" \/>\n<meta name=\"author\" content=\"Mari\" \/>\n<meta name=\"twitter:card\" content=\"summary_large_image\" \/>\n<meta name=\"twitter:label1\" content=\"Written by\" \/>\n\t<meta name=\"twitter:data1\" content=\"Mari\" \/>\n\t<meta name=\"twitter:label2\" content=\"Est. reading time\" \/>\n\t<meta name=\"twitter:data2\" content=\"1 minute\" \/>\n<script type=\"application\/ld+json\" class=\"yoast-schema-graph\">{\"@context\":\"https:\/\/schema.org\",\"@graph\":[{\"@type\":\"Article\",\"@id\":\"https:\/\/foreldreplanlegger.no\/index.php\/2026\/01\/22\/takk-for-tilliten\/#article\",\"isPartOf\":{\"@id\":\"https:\/\/foreldreplanlegger.no\/index.php\/2026\/01\/22\/takk-for-tilliten\/\"},\"author\":{\"name\":\"Mari\",\"@id\":\"https:\/\/foreldreplanlegger.no\/#\/schema\/person\/708c095fe6601b984aa5385b5a69b770\"},\"headline\":\"Takk for tilliten\",\"datePublished\":\"2026-01-22T08:06:51+00:00\",\"dateModified\":\"2026-01-22T08:25:35+00:00\",\"mainEntityOfPage\":{\"@id\":\"https:\/\/foreldreplanlegger.no\/index.php\/2026\/01\/22\/takk-for-tilliten\/\"},\"wordCount\":70,\"commentCount\":0,\"publisher\":{\"@id\":\"https:\/\/foreldreplanlegger.no\/#organization\"},\"image\":{\"@id\":\"https:\/\/foreldreplanlegger.no\/index.php\/2026\/01\/22\/takk-for-tilliten\/#primaryimage\"},\"thumbnailUrl\":\"https:\/\/foreldreplanlegger.no\/wp-content\/uploads\/2024\/11\/Barn-som-forsoker-a-holde-mor-og-far-sammen.jpg\",\"articleSection\":[\"Foreldresamarbeid\"],\"inLanguage\":\"en-US\",\"potentialAction\":[{\"@type\":\"CommentAction\",\"name\":\"Comment\",\"target\":[\"https:\/\/foreldreplanlegger.no\/index.php\/2026\/01\/22\/takk-for-tilliten\/#respond\"]}]},{\"@type\":\"WebPage\",\"@id\":\"https:\/\/foreldreplanlegger.no\/index.php\/2026\/01\/22\/takk-for-tilliten\/\",\"url\":\"https:\/\/foreldreplanlegger.no\/index.php\/2026\/01\/22\/takk-for-tilliten\/\",\"name\":\"Takk for tilliten - Foreldreplanlegger\",\"isPartOf\":{\"@id\":\"https:\/\/foreldreplanlegger.no\/#website\"},\"primaryImageOfPage\":{\"@id\":\"https:\/\/foreldreplanlegger.no\/index.php\/2026\/01\/22\/takk-for-tilliten\/#primaryimage\"},\"image\":{\"@id\":\"https:\/\/foreldreplanlegger.no\/index.php\/2026\/01\/22\/takk-for-tilliten\/#primaryimage\"},\"thumbnailUrl\":\"https:\/\/foreldreplanlegger.no\/wp-content\/uploads\/2024\/11\/Barn-som-forsoker-a-holde-mor-og-far-sammen.jpg\",\"datePublished\":\"2026-01-22T08:06:51+00:00\",\"dateModified\":\"2026-01-22T08:25:35+00:00\",\"description\":\"Takk for tillitenVi er oppriktig takknemlige for hver eneste familie, fagperson og samarbeidspartner som velger Time4Kids. Appen vokser fordi foreldre anbefaler den videre \u2013 og fordi fagfolk ser verdien av et verkt\u00f8y som forebygger konflikter og styrker samarbeidet rundt barna.V\u00e5r ambisjon er \u00e5 utvikle Time4Kids videre i tett samarbeid med fagmilj\u00f8er innen psykologi, mekling, jus og barnevern \u2013 alltid med barnas beste som f\u00f8rste prioritet.\",\"breadcrumb\":{\"@id\":\"https:\/\/foreldreplanlegger.no\/index.php\/2026\/01\/22\/takk-for-tilliten\/#breadcrumb\"},\"inLanguage\":\"en-US\",\"potentialAction\":[{\"@type\":\"ReadAction\",\"target\":[\"https:\/\/foreldreplanlegger.no\/index.php\/2026\/01\/22\/takk-for-tilliten\/\"]}]},{\"@type\":\"ImageObject\",\"inLanguage\":\"en-US\",\"@id\":\"https:\/\/foreldreplanlegger.no\/index.php\/2026\/01\/22\/takk-for-tilliten\/#primaryimage\",\"url\":\"https:\/\/foreldreplanlegger.no\/wp-content\/uploads\/2024\/11\/Barn-som-forsoker-a-holde-mor-og-far-sammen.jpg\",\"contentUrl\":\"https:\/\/foreldreplanlegger.no\/wp-content\/uploads\/2024\/11\/Barn-som-forsoker-a-holde-mor-og-far-sammen.jpg\",\"width\":724,\"height\":483,\"caption\":\"1956838596\"},{\"@type\":\"BreadcrumbList\",\"@id\":\"https:\/\/foreldreplanlegger.no\/index.php\/2026\/01\/22\/takk-for-tilliten\/#breadcrumb\",\"itemListElement\":[{\"@type\":\"ListItem\",\"position\":1,\"name\":\"Home\",\"item\":\"https:\/\/foreldreplanlegger.no\/\"},{\"@type\":\"ListItem\",\"position\":2,\"name\":\"Takk for tilliten\"}]},{\"@type\":\"WebSite\",\"@id\":\"https:\/\/foreldreplanlegger.no\/#website\",\"url\":\"https:\/\/foreldreplanlegger.no\/\",\"name\":\"Foreldreplanlegger\",\"description\":\"\",\"publisher\":{\"@id\":\"https:\/\/foreldreplanlegger.no\/#organization\"},\"potentialAction\":[{\"@type\":\"SearchAction\",\"target\":{\"@type\":\"EntryPoint\",\"urlTemplate\":\"https:\/\/foreldreplanlegger.no\/?s={search_term_string}\"},\"query-input\":{\"@type\":\"PropertyValueSpecification\",\"valueRequired\":true,\"valueName\":\"search_term_string\"}}],\"inLanguage\":\"en-US\"},{\"@type\":\"Organization\",\"@id\":\"https:\/\/foreldreplanlegger.no\/#organization\",\"name\":\"Foreldreplanlegger\",\"url\":\"https:\/\/foreldreplanlegger.no\/\",\"logo\":{\"@type\":\"ImageObject\",\"inLanguage\":\"en-US\",\"@id\":\"https:\/\/foreldreplanlegger.no\/#\/schema\/logo\/image\/\",\"url\":\"https:\/\/foreldreplanlegger.no\/wp-content\/uploads\/2025\/02\/Logo-H512.png\",\"contentUrl\":\"https:\/\/foreldreplanlegger.no\/wp-content\/uploads\/2025\/02\/Logo-H512.png\",\"width\":1332,\"height\":512,\"caption\":\"Foreldreplanlegger\"},\"image\":{\"@id\":\"https:\/\/foreldreplanlegger.no\/#\/schema\/logo\/image\/\"},\"sameAs\":[\"https:\/\/www.facebook.com\/profile.php?id=100081167092688\"]},{\"@type\":\"Person\",\"@id\":\"https:\/\/foreldreplanlegger.no\/#\/schema\/person\/708c095fe6601b984aa5385b5a69b770\",\"name\":\"Mari\",\"image\":{\"@type\":\"ImageObject\",\"inLanguage\":\"en-US\",\"@id\":\"https:\/\/foreldreplanlegger.no\/#\/schema\/person\/image\/\",\"url\":\"https:\/\/secure.gravatar.com\/avatar\/ee6c9f9207351b6d6cbb6f11d03b2944aec03a0ed84632451294daf0d18cfc1f?s=96&d=mm&r=g\",\"contentUrl\":\"https:\/\/secure.gravatar.com\/avatar\/ee6c9f9207351b6d6cbb6f11d03b2944aec03a0ed84632451294daf0d18cfc1f?s=96&d=mm&r=g\",\"caption\":\"Mari\"},\"url\":\"https:\/\/foreldreplanlegger.no\/index.php\/author\/mari\/\"}]}<\/script>\n<!-- \/ Yoast SEO plugin. -->","yoast_head_json":{"title":"Takk for tilliten - Foreldreplanlegger","description":"Takk for tillitenVi er oppriktig takknemlige for hver eneste familie, fagperson og samarbeidspartner som velger Time4Kids. Appen vokser fordi foreldre anbefaler den videre \u2013 og fordi fagfolk ser verdien av et verkt\u00f8y som forebygger konflikter og styrker samarbeidet rundt barna.V\u00e5r ambisjon er \u00e5 utvikle Time4Kids videre i tett samarbeid med fagmilj\u00f8er innen psykologi, mekling, jus og barnevern \u2013 alltid med barnas beste som f\u00f8rste prioritet.","robots":{"index":"index","follow":"follow","max-snippet":"max-snippet:-1","max-image-preview":"max-image-preview:large","max-video-preview":"max-video-preview:-1"},"canonical":"https:\/\/foreldreplanlegger.no\/index.php\/2026\/01\/22\/takk-for-tilliten\/","og_locale":"en_US","og_type":"article","og_title":"Takk for tilliten - Foreldreplanlegger","og_description":"Takk for tillitenVi er oppriktig takknemlige for hver eneste familie, fagperson og samarbeidspartner som velger Time4Kids. Appen vokser fordi foreldre anbefaler den videre \u2013 og fordi fagfolk ser verdien av et verkt\u00f8y som forebygger konflikter og styrker samarbeidet rundt barna.V\u00e5r ambisjon er \u00e5 utvikle Time4Kids videre i tett samarbeid med fagmilj\u00f8er innen psykologi, mekling, jus og barnevern \u2013 alltid med barnas beste som f\u00f8rste prioritet.","og_url":"https:\/\/foreldreplanlegger.no\/index.php\/2026\/01\/22\/takk-for-tilliten\/","og_site_name":"Foreldreplanlegger","article_publisher":"https:\/\/www.facebook.com\/profile.php?id=100081167092688","article_published_time":"2026-01-22T08:06:51+00:00","article_modified_time":"2026-01-22T08:25:35+00:00","og_image":[{"width":724,"height":483,"url":"https:\/\/foreldreplanlegger.no\/wp-content\/uploads\/2024\/11\/Barn-som-forsoker-a-holde-mor-og-far-sammen.jpg","type":"image\/jpeg"}],"author":"Mari","twitter_card":"summary_large_image","twitter_misc":{"Written by":"Mari","Est. reading time":"1 minute"},"schema":{"@context":"https:\/\/schema.org","@graph":[{"@type":"Article","@id":"https:\/\/foreldreplanlegger.no\/index.php\/2026\/01\/22\/takk-for-tilliten\/#article","isPartOf":{"@id":"https:\/\/foreldreplanlegger.no\/index.php\/2026\/01\/22\/takk-for-tilliten\/"},"author":{"name":"Mari","@id":"https:\/\/foreldreplanlegger.no\/#\/schema\/person\/708c095fe6601b984aa5385b5a69b770"},"headline":"Takk for tilliten","datePublished":"2026-01-22T08:06:51+00:00","dateModified":"2026-01-22T08:25:35+00:00","mainEntityOfPage":{"@id":"https:\/\/foreldreplanlegger.no\/index.php\/2026\/01\/22\/takk-for-tilliten\/"},"wordCount":70,"commentCount":0,"publisher":{"@id":"https:\/\/foreldreplanlegger.no\/#organization"},"image":{"@id":"https:\/\/foreldreplanlegger.no\/index.php\/2026\/01\/22\/takk-for-tilliten\/#primaryimage"},"thumbnailUrl":"https:\/\/foreldreplanlegger.no\/wp-content\/uploads\/2024\/11\/Barn-som-forsoker-a-holde-mor-og-far-sammen.jpg","articleSection":["Foreldresamarbeid"],"inLanguage":"en-US","potentialAction":[{"@type":"CommentAction","name":"Comment","target":["https:\/\/foreldreplanlegger.no\/index.php\/2026\/01\/22\/takk-for-tilliten\/#respond"]}]},{"@type":"WebPage","@id":"https:\/\/foreldreplanlegger.no\/index.php\/2026\/01\/22\/takk-for-tilliten\/","url":"https:\/\/foreldreplanlegger.no\/index.php\/2026\/01\/22\/takk-for-tilliten\/","name":"Takk for tilliten - Foreldreplanlegger","isPartOf":{"@id":"https:\/\/foreldreplanlegger.no\/#website"},"primaryImageOfPage":{"@id":"https:\/\/foreldreplanlegger.no\/index.php\/2026\/01\/22\/takk-for-tilliten\/#primaryimage"},"image":{"@id":"https:\/\/foreldreplanlegger.no\/index.php\/2026\/01\/22\/takk-for-tilliten\/#primaryimage"},"thumbnailUrl":"https:\/\/foreldreplanlegger.no\/wp-content\/uploads\/2024\/11\/Barn-som-forsoker-a-holde-mor-og-far-sammen.jpg","datePublished":"2026-01-22T08:06:51+00:00","dateModified":"2026-01-22T08:25:35+00:00","description":"Takk for tillitenVi er oppriktig takknemlige for hver eneste familie, fagperson og samarbeidspartner som velger Time4Kids. Appen vokser fordi foreldre anbefaler den videre \u2013 og fordi fagfolk ser verdien av et verkt\u00f8y som forebygger konflikter og styrker samarbeidet rundt barna.V\u00e5r ambisjon er \u00e5 utvikle Time4Kids videre i tett samarbeid med fagmilj\u00f8er innen psykologi, mekling, jus og barnevern \u2013 alltid med barnas beste som f\u00f8rste prioritet.","breadcrumb":{"@id":"https:\/\/foreldreplanlegger.no\/index.php\/2026\/01\/22\/takk-for-tilliten\/#breadcrumb"},"inLanguage":"en-US","potentialAction":[{"@type":"ReadAction","target":["https:\/\/foreldreplanlegger.no\/index.php\/2026\/01\/22\/takk-for-tilliten\/"]}]},{"@type":"ImageObject","inLanguage":"en-US","@id":"https:\/\/foreldreplanlegger.no\/index.php\/2026\/01\/22\/takk-for-tilliten\/#primaryimage","url":"https:\/\/foreldreplanlegger.no\/wp-content\/uploads\/2024\/11\/Barn-som-forsoker-a-holde-mor-og-far-sammen.jpg","contentUrl":"https:\/\/foreldreplanlegger.no\/wp-content\/uploads\/2024\/11\/Barn-som-forsoker-a-holde-mor-og-far-sammen.jpg","width":724,"height":483,"caption":"1956838596"},{"@type":"BreadcrumbList","@id":"https:\/\/foreldreplanlegger.no\/index.php\/2026\/01\/22\/takk-for-tilliten\/#breadcrumb","itemListElement":[{"@type":"ListItem","position":1,"name":"Home","item":"https:\/\/foreldreplanlegger.no\/"},{"@type":"ListItem","position":2,"name":"Takk for tilliten"}]},{"@type":"WebSite","@id":"https:\/\/foreldreplanlegger.no\/#website","url":"https:\/\/foreldreplanlegger.no\/","name":"Foreldreplanlegger","description":"","publisher":{"@id":"https:\/\/foreldreplanlegger.no\/#organization"},"potentialAction":[{"@type":"SearchAction","target":{"@type":"EntryPoint","urlTemplate":"https:\/\/foreldreplanlegger.no\/?s={search_term_string}"},"query-input":{"@type":"PropertyValueSpecification","valueRequired":true,"valueName":"search_term_string"}}],"inLanguage":"en-US"},{"@type":"Organization","@id":"https:\/\/foreldreplanlegger.no\/#organization","name":"Foreldreplanlegger","url":"https:\/\/foreldreplanlegger.no\/","logo":{"@type":"ImageObject","inLanguage":"en-US","@id":"https:\/\/foreldreplanlegger.no\/#\/schema\/logo\/image\/","url":"https:\/\/foreldreplanlegger.no\/wp-content\/uploads\/2025\/02\/Logo-H512.png","contentUrl":"https:\/\/foreldreplanlegger.no\/wp-content\/uploads\/2025\/02\/Logo-H512.png","width":1332,"height":512,"caption":"Foreldreplanlegger"},"image":{"@id":"https:\/\/foreldreplanlegger.no\/#\/schema\/logo\/image\/"},"sameAs":["https:\/\/www.facebook.com\/profile.php?id=100081167092688"]},{"@type":"Person","@id":"https:\/\/foreldreplanlegger.no\/#\/schema\/person\/708c095fe6601b984aa5385b5a69b770","name":"Mari","image":{"@type":"ImageObject","inLanguage":"en-US","@id":"https:\/\/foreldreplanlegger.no\/#\/schema\/person\/image\/","url":"https:\/\/secure.gravatar.com\/avatar\/ee6c9f9207351b6d6cbb6f11d03b2944aec03a0ed84632451294daf0d18cfc1f?s=96&d=mm&r=g","contentUrl":"https:\/\/secure.gravatar.com\/avatar\/ee6c9f9207351b6d6cbb6f11d03b2944aec03a0ed84632451294daf0d18cfc1f?s=96&d=mm&r=g","caption":"Mari"},"url":"https:\/\/foreldreplanlegger.no\/index.php\/author\/mari\/"}]}},"_links":{"self":[{"href":"https:\/\/foreldreplanlegger.no\/index.php\/wp-json\/wp\/v2\/posts\/1076","targetHints":{"allow":["GET"]}}],"collection":[{"href":"https:\/\/foreldreplanlegger.no\/index.php\/wp-json\/wp\/v2\/posts"}],"about":[{"href":"https:\/\/foreldreplanlegger.no\/index.php\/wp-json\/wp\/v2\/types\/post"}],"author":[{"embeddable":true,"href":"https:\/\/foreldreplanlegger.no\/index.php\/wp-json\/wp\/v2\/users\/3"}],"replies":[{"embeddable":true,"href":"https:\/\/foreldreplanlegger.no\/index.php\/wp-json\/wp\/v2\/comments?post=1076"}],"version-history":[{"count":8,"href":"https:\/\/foreldreplanlegger.no\/index.php\/wp-json\/wp\/v2\/posts\/1076\/revisions"}],"predecessor-version":[{"id":1091,"href":"https:\/\/foreldreplanlegger.no\/index.php\/wp-json\/wp\/v2\/posts\/1076\/revisions\/1091"}],"wp:featuredmedia":[{"embeddable":true,"href":"https:\/\/foreldreplanlegger.no\/index.php\/wp-json\/wp\/v2\/media\/405"}],"wp:attachment":[{"href":"https:\/\/foreldreplanlegger.no\/index.php\/wp-json\/wp\/v2\/media?parent=1076"}],"wp:term":[{"taxonomy":"category","embeddable":true,"href":"https:\/\/foreldreplanlegger.no\/index.php\/wp-json\/wp\/v2\/categories?post=1076"},{"taxonomy":"post_tag","embeddable":true,"href":"https:\/\/foreldreplanlegger.no\/index.php\/wp-json\/wp\/v2\/tags?post=1076"}],"curies":[{"name":"wp","href":"https:\/\/api.w.org\/{rel}","templated":true}]}}